{"id":262,"date":"2026-02-04T21:24:33","date_gmt":"2026-02-04T21:24:33","guid":{"rendered":"https:\/\/gambermejo.gob.bo\/?p=262"},"modified":"2026-02-04T21:24:34","modified_gmt":"2026-02-04T21:24:34","slug":"lanzamiento-oficial-del-carnaval-de-la-frontera-bermejo-2026","status":"publish","type":"post","link":"https:\/\/gambermejo.gob.bo\/index.php\/2026\/02\/04\/lanzamiento-oficial-del-carnaval-de-la-frontera-bermejo-2026\/cultura\/","title":{"rendered":"\u00a1LANZAMIENTO OFICIAL DEL CARNAVAL DE LA FRONTERA BERMEJO 2026!"},"content":{"rendered":"\n<p>Con inmensa alegr\u00eda y el esp\u00edritu festivo que nos caracteriza, Bermejo se prepara para vivir una de las celebraciones m\u00e1s esperadas del a\u00f1o. El Carnaval de la Frontera Bermejo 2026 ya es una realidad, y promete ser una aut\u00e9ntica fiesta de tradici\u00f3n y cultura que unir\u00e1 a toda nuestra comunidad.<\/p>\n\n\n\n<p>El Gobierno Aut\u00f3nomo Municipal de Bermejo, la Unidad de Seguridad Ciudadana, Comandancia de la Polic\u00eda, FEJUVE, Organizaciones y grupos culturales trabajan de manera conjunta, para garantizar que cada momento de nuestra festividad sea seguro y memorable.<\/p>\n\n\n\n<p>Gracias al compromiso conjunto de estas instituciones, el Carnaval Frontera Bermejo 2026 ser\u00e1 un espacio donde familias, j\u00f3venes, visitantes y toda la comunidad podr\u00e1n disfrutar de nuestras tradiciones.<\/p>\n\n\n\n<figure class=\"wp-block-gallery has-nested-images columns-default is-cropped wp-block-gallery-1 is-layout-flex wp-block-gallery-is-layout-flex\">\n<figure class=\"wp-block-image size-large\"><img loading=\"lazy\" decoding=\"async\" width=\"648\" height=\"1024\" data-id=\"263\" src=\"https:\/\/gambermejo.gob.bo\/wp-content\/uploads\/2026\/02\/624277498_122235844328102348_977230496559445306_n-648x1024.jpg\" alt=\"\" class=\"wp-image-263\" srcset=\"https:\/\/gambermejo.gob.bo\/wp-content\/uploads\/2026\/02\/624277498_122235844328102348_977230496559445306_n-648x1024.jpg 648w, https:\/\/gambermejo.gob.bo\/wp-content\/uploads\/2026\/02\/624277498_122235844328102348_977230496559445306_n-190x300.jpg 190w, https:\/\/gambermejo.gob.bo\/wp-content\/uploads\/2026\/02\/624277498_122235844328102348_977230496559445306_n-768x1215.jpg 768w, https:\/\/gambermejo.gob.bo\/wp-content\/uploads\/2026\/02\/624277498_122235844328102348_977230496559445306_n-971x1536.jpg 971w, https:\/\/gambermejo.gob.bo\/wp-content\/uploads\/2026\/02\/624277498_122235844328102348_977230496559445306_n-683x1080.jpg 683w, https:\/\/gambermejo.gob.bo\/wp-content\/uploads\/2026\/02\/624277498_122235844328102348_977230496559445306_n.jpg 1295w\" sizes=\"(max-width: 648px) 100vw, 648px\" \/><\/figure>\n\n\n\n<figure class=\"wp-block-image size-large\"><img loading=\"lazy\" decoding=\"async\" width=\"590\" height=\"331\" data-id=\"264\" src=\"https:\/\/gambermejo.gob.bo\/wp-content\/uploads\/2026\/02\/624530376_122235844190102348_7150348097253451887_n.jpg\" alt=\"\" class=\"wp-image-264\" srcset=\"https:\/\/gambermejo.gob.bo\/wp-content\/uploads\/2026\/02\/624530376_122235844190102348_7150348097253451887_n.jpg 590w, https:\/\/gambermejo.gob.bo\/wp-content\/uploads\/2026\/02\/624530376_122235844190102348_7150348097253451887_n-300x168.jpg 300w\" sizes=\"(max-width: 590px) 100vw, 590px\" \/><\/figure>\n\n\n\n<figure class=\"wp-block-image size-large\"><img loading=\"lazy\" decoding=\"async\" width=\"1024\" height=\"575\" data-id=\"265\" src=\"https:\/\/gambermejo.gob.bo\/wp-content\/uploads\/2026\/02\/624805909_122235844070102348_822455735168173440_n-1024x575.jpg\" alt=\"\" class=\"wp-image-265\" srcset=\"https:\/\/gambermejo.gob.bo\/wp-content\/uploads\/2026\/02\/624805909_122235844070102348_822455735168173440_n-1024x575.jpg 1024w, https:\/\/gambermejo.gob.bo\/wp-content\/uploads\/2026\/02\/624805909_122235844070102348_822455735168173440_n-300x168.jpg 300w, https:\/\/gambermejo.gob.bo\/wp-content\/uploads\/2026\/02\/624805909_122235844070102348_822455735168173440_n-768x431.jpg 768w, https:\/\/gambermejo.gob.bo\/wp-content\/uploads\/2026\/02\/624805909_122235844070102348_822455735168173440_n-1536x863.jpg 1536w, https:\/\/gambermejo.gob.bo\/wp-content\/uploads\/2026\/02\/624805909_122235844070102348_822455735168173440_n-1920x1078.jpg 1920w, https:\/\/gambermejo.gob.bo\/wp-content\/uploads\/2026\/02\/624805909_122235844070102348_822455735168173440_n.jpg 2048w\" sizes=\"(max-width: 1024px) 100vw, 1024px\" \/><\/figure>\n<\/figure>\n","protected":false},"excerpt":{"rendered":"<p>Con inmensa alegr\u00eda y el esp\u00edritu festivo que nos caracteriza, Bermejo se prepara para vivir una de las celebraciones m\u00e1s esperadas del a\u00f1o. El Carnaval de la Frontera Bermejo 2026&hellip; <\/p>\n","protected":false},"author":2,"featured_media":264,"comment_status":"closed","ping_status":"closed","sticky":false,"template":"","format":"standard","meta":{"saved_in_kubio":false,"footnotes":""},"categories":[13],"tags":[],"class_list":["post-262","post","type-post","status-publish","format-standard","has-post-thumbnail","hentry","category-cultura"],"_links":{"self":[{"href":"https:\/\/gambermejo.gob.bo\/index.php\/wp-json\/wp\/v2\/posts\/262","targetHints":{"allow":["GET"]}}],"collection":[{"href":"https:\/\/gambermejo.gob.bo\/index.php\/wp-json\/wp\/v2\/posts"}],"about":[{"href":"https:\/\/gambermejo.gob.bo\/index.php\/wp-json\/wp\/v2\/types\/post"}],"author":[{"embeddable":true,"href":"https:\/\/gambermejo.gob.bo\/index.php\/wp-json\/wp\/v2\/users\/2"}],"replies":[{"embeddable":true,"href":"https:\/\/gambermejo.gob.bo\/index.php\/wp-json\/wp\/v2\/comments?post=262"}],"version-history":[{"count":1,"href":"https:\/\/gambermejo.gob.bo\/index.php\/wp-json\/wp\/v2\/posts\/262\/revisions"}],"predecessor-version":[{"id":266,"href":"https:\/\/gambermejo.gob.bo\/index.php\/wp-json\/wp\/v2\/posts\/262\/revisions\/266"}],"wp:featuredmedia":[{"embeddable":true,"href":"https:\/\/gambermejo.gob.bo\/index.php\/wp-json\/wp\/v2\/media\/264"}],"wp:attachment":[{"href":"https:\/\/gambermejo.gob.bo\/index.php\/wp-json\/wp\/v2\/media?parent=262"}],"wp:term":[{"taxonomy":"category","embeddable":true,"href":"https:\/\/gambermejo.gob.bo\/index.php\/wp-json\/wp\/v2\/categories?post=262"},{"taxonomy":"post_tag","embeddable":true,"href":"https:\/\/gambermejo.gob.bo\/index.php\/wp-json\/wp\/v2\/tags?post=262"}],"curies":[{"name":"wp","href":"https:\/\/api.w.org\/{rel}","templated":true}]}}