{"id":217,"date":"2025-12-31T11:58:09","date_gmt":"2025-12-31T11:58:09","guid":{"rendered":"https:\/\/gambermejo.gob.bo\/?p=217"},"modified":"2025-12-31T11:58:10","modified_gmt":"2025-12-31T11:58:10","slug":"alcalde-fortalece-al-comando-de-frontera-policial-de-bermejo-con-entrega-de-equipamiento","status":"publish","type":"post","link":"https:\/\/gambermejo.gob.bo\/index.php\/2025\/12\/31\/alcalde-fortalece-al-comando-de-frontera-policial-de-bermejo-con-entrega-de-equipamiento\/seguridad-ciudadana\/","title":{"rendered":"ALCALDE FORTALECE AL COMANDO DE FRONTERA POLICIAL DE BERMEJO CON ENTREGA DE EQUIPAMIENTO"},"content":{"rendered":"\n<p>Con el objetivo de fortalecer el trabajo del Comando de Frontera Policial de Bermejo, y en coordinaci\u00f3n con la Unidad de Seguridad Ciudadana, el alcalde realiz\u00f3 la entrega de equipamiento y materiales de apoyo destinados a mejorar las condiciones laborales del personal policial que cumple funciones en la frontera.<\/p>\n\n\n\n<p>Esta acci\u00f3n busca optimizar la capacidad operativa de los efectivos, reafirmando el compromiso de la gesti\u00f3n municipal con la seguridad ciudadana y el resguardo de la poblaci\u00f3n, especialmente en una zona estrat\u00e9gica como la frontera.<\/p>\n\n\n\n<p>La dotaci\u00f3n de estos materiales forma parte de las pol\u00edticas de apoyo institucional que impulsa la autoridad municipal, orientadas a fortalecer el trabajo conjunto entre el Gobierno Municipal y las fuerzas del orden, en beneficio de la tranquilidad y seguridad de la ciudadan\u00eda bermeje\u00f1a.<\/p>\n\n\n\n<figure class=\"wp-block-gallery has-nested-images columns-default is-cropped wp-block-gallery-1 is-layout-flex wp-block-gallery-is-layout-flex\">\n<figure class=\"wp-block-image size-large\"><img loading=\"lazy\" decoding=\"async\" width=\"631\" height=\"614\" data-id=\"218\" src=\"https:\/\/gambermejo.gob.bo\/wp-content\/uploads\/2025\/12\/1-2.jpg\" alt=\"\" class=\"wp-image-218\" srcset=\"https:\/\/gambermejo.gob.bo\/wp-content\/uploads\/2025\/12\/1-2.jpg 631w, https:\/\/gambermejo.gob.bo\/wp-content\/uploads\/2025\/12\/1-2-300x292.jpg 300w\" sizes=\"(max-width: 631px) 100vw, 631px\" \/><\/figure>\n\n\n\n<figure class=\"wp-block-image size-large\"><img loading=\"lazy\" decoding=\"async\" width=\"684\" height=\"534\" data-id=\"219\" src=\"https:\/\/gambermejo.gob.bo\/wp-content\/uploads\/2025\/12\/2-2.jpg\" alt=\"\" class=\"wp-image-219\" srcset=\"https:\/\/gambermejo.gob.bo\/wp-content\/uploads\/2025\/12\/2-2.jpg 684w, https:\/\/gambermejo.gob.bo\/wp-content\/uploads\/2025\/12\/2-2-300x234.jpg 300w\" sizes=\"(max-width: 684px) 100vw, 684px\" \/><\/figure>\n\n\n\n<figure class=\"wp-block-image size-large\"><img loading=\"lazy\" decoding=\"async\" width=\"685\" height=\"514\" data-id=\"220\" src=\"https:\/\/gambermejo.gob.bo\/wp-content\/uploads\/2025\/12\/3-2.jpg\" alt=\"\" class=\"wp-image-220\" srcset=\"https:\/\/gambermejo.gob.bo\/wp-content\/uploads\/2025\/12\/3-2.jpg 685w, https:\/\/gambermejo.gob.bo\/wp-content\/uploads\/2025\/12\/3-2-300x225.jpg 300w\" sizes=\"(max-width: 685px) 100vw, 685px\" \/><\/figure>\n\n\n\n<figure class=\"wp-block-image size-large\"><img loading=\"lazy\" decoding=\"async\" width=\"706\" height=\"422\" data-id=\"221\" src=\"https:\/\/gambermejo.gob.bo\/wp-content\/uploads\/2025\/12\/4.jpg\" alt=\"\" class=\"wp-image-221\" srcset=\"https:\/\/gambermejo.gob.bo\/wp-content\/uploads\/2025\/12\/4.jpg 706w, https:\/\/gambermejo.gob.bo\/wp-content\/uploads\/2025\/12\/4-300x179.jpg 300w\" sizes=\"(max-width: 706px) 100vw, 706px\" \/><\/figure>\n<\/figure>\n","protected":false},"excerpt":{"rendered":"<p>Con el objetivo de fortalecer el trabajo del Comando de Frontera Policial de Bermejo, y en coordinaci\u00f3n con la Unidad de Seguridad Ciudadana, el alcalde realiz\u00f3 la entrega de equipamiento&hellip; <\/p>\n","protected":false},"author":2,"featured_media":221,"comment_status":"closed","ping_status":"closed","sticky":false,"template":"","format":"standard","meta":{"saved_in_kubio":false,"footnotes":""},"categories":[17],"tags":[],"class_list":["post-217","post","type-post","status-publish","format-standard","has-post-thumbnail","hentry","category-seguridad-ciudadana"],"_links":{"self":[{"href":"https:\/\/gambermejo.gob.bo\/index.php\/wp-json\/wp\/v2\/posts\/217","targetHints":{"allow":["GET"]}}],"collection":[{"href":"https:\/\/gambermejo.gob.bo\/index.php\/wp-json\/wp\/v2\/posts"}],"about":[{"href":"https:\/\/gambermejo.gob.bo\/index.php\/wp-json\/wp\/v2\/types\/post"}],"author":[{"embeddable":true,"href":"https:\/\/gambermejo.gob.bo\/index.php\/wp-json\/wp\/v2\/users\/2"}],"replies":[{"embeddable":true,"href":"https:\/\/gambermejo.gob.bo\/index.php\/wp-json\/wp\/v2\/comments?post=217"}],"version-history":[{"count":1,"href":"https:\/\/gambermejo.gob.bo\/index.php\/wp-json\/wp\/v2\/posts\/217\/revisions"}],"predecessor-version":[{"id":222,"href":"https:\/\/gambermejo.gob.bo\/index.php\/wp-json\/wp\/v2\/posts\/217\/revisions\/222"}],"wp:featuredmedia":[{"embeddable":true,"href":"https:\/\/gambermejo.gob.bo\/index.php\/wp-json\/wp\/v2\/media\/221"}],"wp:attachment":[{"href":"https:\/\/gambermejo.gob.bo\/index.php\/wp-json\/wp\/v2\/media?parent=217"}],"wp:term":[{"taxonomy":"category","embeddable":true,"href":"https:\/\/gambermejo.gob.bo\/index.php\/wp-json\/wp\/v2\/categories?post=217"},{"taxonomy":"post_tag","embeddable":true,"href":"https:\/\/gambermejo.gob.bo\/index.php\/wp-json\/wp\/v2\/tags?post=217"}],"curies":[{"name":"wp","href":"https:\/\/api.w.org\/{rel}","templated":true}]}}