{"id":209,"date":"2025-12-31T11:53:43","date_gmt":"2025-12-31T11:53:43","guid":{"rendered":"https:\/\/gambermejo.gob.bo\/?p=209"},"modified":"2025-12-31T11:53:44","modified_gmt":"2025-12-31T11:53:44","slug":"alcalde-entrego-proyecto-de-mejoramiento-del-ingreso-principal-de-la-u-e-mariscal-andres-de-santa-cruz","status":"publish","type":"post","link":"https:\/\/gambermejo.gob.bo\/index.php\/2025\/12\/31\/alcalde-entrego-proyecto-de-mejoramiento-del-ingreso-principal-de-la-u-e-mariscal-andres-de-santa-cruz\/eduacion\/","title":{"rendered":"ALCALDE ENTREG\u00d3 PROYECTO DE MEJORAMIENTO DEL INGRESO PRINCIPAL DE LA U.E. MARISCAL ANDR\u00c9S DE SANTA CRUZ"},"content":{"rendered":"\n<p>El alcalde realiz\u00f3 la entrega oficial del proyecto concluido de mejoramiento del \u00e1rea de ingreso principal de la Unidad Educativa <em>Mariscal Andr\u00e9s de Santa Cruz<\/em>, una obra ejecutada con el objetivo de brindar mayor seguridad, comodidad y protecci\u00f3n a la comunidad estudiantil.<\/p>\n\n\n\n<p>La intervenci\u00f3n contempl\u00f3 la construcci\u00f3n de una cubierta met\u00e1lica de aproximadamente <strong>128 metros cuadrados<\/strong>, destinada a resguardar a los estudiantes durante los horarios de ingreso y salida, especialmente en jornadas de intensa radiaci\u00f3n solar o lloviznas.<\/p>\n\n\n\n<p>Esta nueva infraestructura beneficia de manera directa a <strong>953 estudiantes de todos los niveles educativos<\/strong>, mejorando sus condiciones de tr\u00e1nsito y permanencia dentro del establecimiento educativo, y fortaleciendo su bienestar diario.<\/p>\n\n\n\n<p>Con esta entrega, la gesti\u00f3n del alcalde reafirma su compromiso con la educaci\u00f3n, promoviendo espacios dignos y seguros para el desarrollo de la ni\u00f1ez y juventud.<\/p>\n\n\n\n<figure class=\"wp-block-gallery has-nested-images columns-default is-cropped wp-block-gallery-1 is-layout-flex wp-block-gallery-is-layout-flex\">\n<figure class=\"wp-block-image size-large\"><img loading=\"lazy\" decoding=\"async\" width=\"448\" height=\"685\" data-id=\"213\" src=\"https:\/\/gambermejo.gob.bo\/wp-content\/uploads\/2025\/12\/1-1.jpg\" alt=\"\" class=\"wp-image-213\" srcset=\"https:\/\/gambermejo.gob.bo\/wp-content\/uploads\/2025\/12\/1-1.jpg 448w, https:\/\/gambermejo.gob.bo\/wp-content\/uploads\/2025\/12\/1-1-196x300.jpg 196w\" sizes=\"(max-width: 448px) 100vw, 448px\" \/><\/figure>\n\n\n\n<figure class=\"wp-block-image size-large\"><img loading=\"lazy\" decoding=\"async\" width=\"741\" height=\"672\" data-id=\"214\" src=\"https:\/\/gambermejo.gob.bo\/wp-content\/uploads\/2025\/12\/2-1.jpg\" alt=\"\" class=\"wp-image-214\" srcset=\"https:\/\/gambermejo.gob.bo\/wp-content\/uploads\/2025\/12\/2-1.jpg 741w, https:\/\/gambermejo.gob.bo\/wp-content\/uploads\/2025\/12\/2-1-300x272.jpg 300w\" sizes=\"(max-width: 741px) 100vw, 741px\" \/><\/figure>\n\n\n\n<figure class=\"wp-block-image size-large\"><img loading=\"lazy\" decoding=\"async\" width=\"1024\" height=\"904\" data-id=\"215\" src=\"https:\/\/gambermejo.gob.bo\/wp-content\/uploads\/2025\/12\/3-1-1024x904.jpg\" alt=\"\" class=\"wp-image-215\" srcset=\"https:\/\/gambermejo.gob.bo\/wp-content\/uploads\/2025\/12\/3-1-1024x904.jpg 1024w, https:\/\/gambermejo.gob.bo\/wp-content\/uploads\/2025\/12\/3-1-300x265.jpg 300w, https:\/\/gambermejo.gob.bo\/wp-content\/uploads\/2025\/12\/3-1-768x678.jpg 768w, https:\/\/gambermejo.gob.bo\/wp-content\/uploads\/2025\/12\/3-1.jpg 1208w\" sizes=\"(max-width: 1024px) 100vw, 1024px\" \/><\/figure>\n<\/figure>\n","protected":false},"excerpt":{"rendered":"<p>El alcalde realiz\u00f3 la entrega oficial del proyecto concluido de mejoramiento del \u00e1rea de ingreso principal de la Unidad Educativa Mariscal Andr\u00e9s de Santa Cruz, una obra ejecutada con el&hellip; <\/p>\n","protected":false},"author":2,"featured_media":213,"comment_status":"closed","ping_status":"closed","sticky":false,"template":"","format":"standard","meta":{"saved_in_kubio":false,"footnotes":""},"categories":[8],"tags":[],"class_list":["post-209","post","type-post","status-publish","format-standard","has-post-thumbnail","hentry","category-eduacion"],"_links":{"self":[{"href":"https:\/\/gambermejo.gob.bo\/index.php\/wp-json\/wp\/v2\/posts\/209","targetHints":{"allow":["GET"]}}],"collection":[{"href":"https:\/\/gambermejo.gob.bo\/index.php\/wp-json\/wp\/v2\/posts"}],"about":[{"href":"https:\/\/gambermejo.gob.bo\/index.php\/wp-json\/wp\/v2\/types\/post"}],"author":[{"embeddable":true,"href":"https:\/\/gambermejo.gob.bo\/index.php\/wp-json\/wp\/v2\/users\/2"}],"replies":[{"embeddable":true,"href":"https:\/\/gambermejo.gob.bo\/index.php\/wp-json\/wp\/v2\/comments?post=209"}],"version-history":[{"count":1,"href":"https:\/\/gambermejo.gob.bo\/index.php\/wp-json\/wp\/v2\/posts\/209\/revisions"}],"predecessor-version":[{"id":216,"href":"https:\/\/gambermejo.gob.bo\/index.php\/wp-json\/wp\/v2\/posts\/209\/revisions\/216"}],"wp:featuredmedia":[{"embeddable":true,"href":"https:\/\/gambermejo.gob.bo\/index.php\/wp-json\/wp\/v2\/media\/213"}],"wp:attachment":[{"href":"https:\/\/gambermejo.gob.bo\/index.php\/wp-json\/wp\/v2\/media?parent=209"}],"wp:term":[{"taxonomy":"category","embeddable":true,"href":"https:\/\/gambermejo.gob.bo\/index.php\/wp-json\/wp\/v2\/categories?post=209"},{"taxonomy":"post_tag","embeddable":true,"href":"https:\/\/gambermejo.gob.bo\/index.php\/wp-json\/wp\/v2\/tags?post=209"}],"curies":[{"name":"wp","href":"https:\/\/api.w.org\/{rel}","templated":true}]}}